{"id":19325,"date":"2023-11-03T08:24:43","date_gmt":"2023-11-03T07:24:43","guid":{"rendered":"https:\/\/akerstroms.se\/?p=19325"},"modified":"2023-11-03T08:24:55","modified_gmt":"2023-11-03T07:24:55","slug":"hans-akerblom-takes-over-as-ceo","status":"publish","type":"post","link":"https:\/\/akerstroms.se\/en\/news-en\/hans-akerblom-takes-over-as-ceo\/","title":{"rendered":"Hans \u00c5kerblom takes over as CEO"},"content":{"rendered":"\n<p>After two successful years as Sales Manager, Hans \u00c5kerblom is now stepping into the role of CEO of \u00c5kerstr\u00f6ms, signalling a new era of growth and global presence. The operations in Bj\u00f6rbo, a significant cultural institution for over 100 years, will continue to develop with additional resources, expertise, and new employees.<\/p>\n\n\n\n<p>Through the holding company Allgon, \u00c5kerstr\u00f6ms gains access to more sales channels worldwide. The focus is on delivering customer value, where \u00c5kerblom will lead \u00c5kerstr\u00f6ms through an exciting period of expansion. Additionally, they are investing in research, product development, and the ongoing digitalization journey within the industry. The commitment within Allgon and \u00c5kerstr\u00f6ms marks the beginning of an expansive growth phase, where R&amp;D resources are doubled to meet the market&#8217;s challenges and support the new leadership.<\/p>\n\n\n\n<p>Hans \u00c5kerblom emphasizes the importance of developing customer-focused solutions for the company&#8217;s various business areas and segments. A clear focus on sustainability and personal safety characterizes the company&#8217;s strategy under the new leadership. The goal is for \u00c5kerstr\u00f6ms, through its solutions, to combine long-term values with the demands for efficiency and profitability for all its customers.<\/p>\n\n\n\n<p>&#8220;Together, our expanded organization positions \u00c5kerstr\u00f6ms for a future where we redefine global business relationships and take the lead in the industry&#8217;s transformation worldwide,&#8221; says incoming CEO Hans \u00c5kerblom with conviction.<\/p>\n\n\n\n<figure class=\"wp-block-image size-full\"><img loading=\"lazy\" decoding=\"async\" width=\"4360\" height=\"2984\" src=\"https:\/\/akerstroms.se\/app\/uploads\/2023\/11\/Hans-A-liggande-format-2.jpg\" alt=\"\" class=\"wp-image-19322\" srcset=\"https:\/\/akerstroms.se\/app\/uploads\/2023\/11\/Hans-A-liggande-format-2.jpg 4360w, https:\/\/akerstroms.se\/app\/uploads\/2023\/11\/Hans-A-liggande-format-2-250x171.jpg 250w, https:\/\/akerstroms.se\/app\/uploads\/2023\/11\/Hans-A-liggande-format-2-700x479.jpg 700w, https:\/\/akerstroms.se\/app\/uploads\/2023\/11\/Hans-A-liggande-format-2-768x526.jpg 768w, https:\/\/akerstroms.se\/app\/uploads\/2023\/11\/Hans-A-liggande-format-2-1536x1051.jpg 1536w, https:\/\/akerstroms.se\/app\/uploads\/2023\/11\/Hans-A-liggande-format-2-2048x1402.jpg 2048w, https:\/\/akerstroms.se\/app\/uploads\/2023\/11\/Hans-A-liggande-format-2-120x82.jpg 120w, https:\/\/akerstroms.se\/app\/uploads\/2023\/11\/Hans-A-liggande-format-2-540x370.jpg 540w, https:\/\/akerstroms.se\/app\/uploads\/2023\/11\/Hans-A-liggande-format-2-300x205.jpg 300w, https:\/\/akerstroms.se\/app\/uploads\/2023\/11\/Hans-A-liggande-format-2-600x411.jpg 600w\" sizes=\"auto, (max-width: 4360px) 100vw, 4360px\" \/><\/figure>\n","protected":false},"excerpt":{"rendered":"<p>After two successful years as Sales Manager, Hans \u00c5kerblom is now stepping into the role of CEO of \u00c5kerstr\u00f6ms, signalling a new era of growth&#8230;<\/p>\n","protected":false},"author":297,"featured_media":0,"comment_status":"closed","ping_status":"open","sticky":false,"template":"","format":"standard","meta":{"_acf_changed":false,"footnotes":""},"categories":[203],"tags":[],"class_list":["post-19325","post","type-post","status-publish","format-standard","hentry","category-news-en"],"acf":[],"yoast_head":"<!-- This site is optimized with the Yoast SEO plugin v27.4 - https:\/\/yoast.com\/product\/yoast-seo-wordpress\/ -->\n<title>Hans \u00c5kerblom takes over as CEO - \u00c5kerstr\u00f6ms Bj\u00f6rbo<\/title>\n<meta name=\"robots\" content=\"index, follow, max-snippet:-1, max-image-preview:large, max-video-preview:-1\" \/>\n<link rel=\"canonical\" href=\"https:\/\/akerstroms.se\/en\/news-en\/hans-akerblom-takes-over-as-ceo\/\" \/>\n<meta property=\"og:locale\" content=\"en_US\" \/>\n<meta property=\"og:type\" content=\"article\" \/>\n<meta property=\"og:title\" content=\"Hans \u00c5kerblom takes over as CEO - \u00c5kerstr\u00f6ms Bj\u00f6rbo\" \/>\n<meta property=\"og:description\" content=\"After two successful years as Sales Manager, Hans \u00c5kerblom is now stepping into the role of CEO of \u00c5kerstr\u00f6ms, signalling a new era of growth...\" \/>\n<meta property=\"og:url\" content=\"https:\/\/akerstroms.se\/en\/news-en\/hans-akerblom-takes-over-as-ceo\/\" \/>\n<meta property=\"og:site_name\" content=\"\u00c5kerstr\u00f6ms Bj\u00f6rbo\" \/>\n<meta property=\"article:publisher\" content=\"https:\/\/www.facebook.com\/akerstroms.se\" \/>\n<meta property=\"article:published_time\" content=\"2023-11-03T07:24:43+00:00\" \/>\n<meta property=\"article:modified_time\" content=\"2023-11-03T07:24:55+00:00\" \/>\n<meta property=\"og:image\" content=\"https:\/\/akerstroms.se\/app\/uploads\/2023\/11\/Hans-A-liggande-format-2.jpg\" \/>\n<meta name=\"author\" content=\"Julia M\u00f6rk Eriksson\" \/>\n<meta name=\"twitter:card\" content=\"summary_large_image\" \/>\n<meta name=\"twitter:label1\" content=\"Written by\" \/>\n\t<meta name=\"twitter:data1\" content=\"Julia M\u00f6rk Eriksson\" \/>\n\t<meta name=\"twitter:label2\" content=\"Est. reading time\" \/>\n\t<meta name=\"twitter:data2\" content=\"2 minutes\" \/>\n<script type=\"application\/ld+json\" class=\"yoast-schema-graph\">{\"@context\":\"https:\\\/\\\/schema.org\",\"@graph\":[{\"@type\":\"Article\",\"@id\":\"https:\\\/\\\/akerstroms.se\\\/en\\\/news-en\\\/hans-akerblom-takes-over-as-ceo\\\/#article\",\"isPartOf\":{\"@id\":\"https:\\\/\\\/akerstroms.se\\\/en\\\/news-en\\\/hans-akerblom-takes-over-as-ceo\\\/\"},\"author\":{\"name\":\"Julia M\u00f6rk Eriksson\",\"@id\":\"https:\\\/\\\/akerstroms.se\\\/#\\\/schema\\\/person\\\/7540f20a7451fe9e4661239917d1e0b4\"},\"headline\":\"Hans \u00c5kerblom takes over as CEO\",\"datePublished\":\"2023-11-03T07:24:43+00:00\",\"dateModified\":\"2023-11-03T07:24:55+00:00\",\"mainEntityOfPage\":{\"@id\":\"https:\\\/\\\/akerstroms.se\\\/en\\\/news-en\\\/hans-akerblom-takes-over-as-ceo\\\/\"},\"wordCount\":232,\"publisher\":{\"@id\":\"https:\\\/\\\/akerstroms.se\\\/#organization\"},\"image\":{\"@id\":\"https:\\\/\\\/akerstroms.se\\\/en\\\/news-en\\\/hans-akerblom-takes-over-as-ceo\\\/#primaryimage\"},\"thumbnailUrl\":\"https:\\\/\\\/akerstroms.se\\\/app\\\/uploads\\\/2023\\\/11\\\/Hans-A-liggande-format-2.jpg\",\"articleSection\":[\"News\"],\"inLanguage\":\"en-US\"},{\"@type\":\"WebPage\",\"@id\":\"https:\\\/\\\/akerstroms.se\\\/en\\\/news-en\\\/hans-akerblom-takes-over-as-ceo\\\/\",\"url\":\"https:\\\/\\\/akerstroms.se\\\/en\\\/news-en\\\/hans-akerblom-takes-over-as-ceo\\\/\",\"name\":\"Hans \u00c5kerblom takes over as CEO - \u00c5kerstr\u00f6ms Bj\u00f6rbo\",\"isPartOf\":{\"@id\":\"https:\\\/\\\/akerstroms.se\\\/#website\"},\"primaryImageOfPage\":{\"@id\":\"https:\\\/\\\/akerstroms.se\\\/en\\\/news-en\\\/hans-akerblom-takes-over-as-ceo\\\/#primaryimage\"},\"image\":{\"@id\":\"https:\\\/\\\/akerstroms.se\\\/en\\\/news-en\\\/hans-akerblom-takes-over-as-ceo\\\/#primaryimage\"},\"thumbnailUrl\":\"https:\\\/\\\/akerstroms.se\\\/app\\\/uploads\\\/2023\\\/11\\\/Hans-A-liggande-format-2.jpg\",\"datePublished\":\"2023-11-03T07:24:43+00:00\",\"dateModified\":\"2023-11-03T07:24:55+00:00\",\"breadcrumb\":{\"@id\":\"https:\\\/\\\/akerstroms.se\\\/en\\\/news-en\\\/hans-akerblom-takes-over-as-ceo\\\/#breadcrumb\"},\"inLanguage\":\"en-US\",\"potentialAction\":[{\"@type\":\"ReadAction\",\"target\":[\"https:\\\/\\\/akerstroms.se\\\/en\\\/news-en\\\/hans-akerblom-takes-over-as-ceo\\\/\"]}]},{\"@type\":\"ImageObject\",\"inLanguage\":\"en-US\",\"@id\":\"https:\\\/\\\/akerstroms.se\\\/en\\\/news-en\\\/hans-akerblom-takes-over-as-ceo\\\/#primaryimage\",\"url\":\"https:\\\/\\\/akerstroms.se\\\/app\\\/uploads\\\/2023\\\/11\\\/Hans-A-liggande-format-2.jpg\",\"contentUrl\":\"https:\\\/\\\/akerstroms.se\\\/app\\\/uploads\\\/2023\\\/11\\\/Hans-A-liggande-format-2.jpg\"},{\"@type\":\"BreadcrumbList\",\"@id\":\"https:\\\/\\\/akerstroms.se\\\/en\\\/news-en\\\/hans-akerblom-takes-over-as-ceo\\\/#breadcrumb\",\"itemListElement\":[{\"@type\":\"ListItem\",\"position\":1,\"name\":\"Home\",\"item\":\"https:\\\/\\\/akerstroms.se\\\/en\\\/\"},{\"@type\":\"ListItem\",\"position\":2,\"name\":\"Hans \u00c5kerblom takes over as CEO\"}]},{\"@type\":\"WebSite\",\"@id\":\"https:\\\/\\\/akerstroms.se\\\/#website\",\"url\":\"https:\\\/\\\/akerstroms.se\\\/\",\"name\":\"\u00c5kerstr\u00f6ms Bj\u00f6rbo\",\"description\":\"Radiostyrning f\u00f6r industriella och mobila applikationer\",\"publisher\":{\"@id\":\"https:\\\/\\\/akerstroms.se\\\/#organization\"},\"potentialAction\":[{\"@type\":\"SearchAction\",\"target\":{\"@type\":\"EntryPoint\",\"urlTemplate\":\"https:\\\/\\\/akerstroms.se\\\/?s={search_term_string}\"},\"query-input\":{\"@type\":\"PropertyValueSpecification\",\"valueRequired\":true,\"valueName\":\"search_term_string\"}}],\"inLanguage\":\"en-US\"},{\"@type\":\"Organization\",\"@id\":\"https:\\\/\\\/akerstroms.se\\\/#organization\",\"name\":\"\u00c5kerstr\u00f6ms AB\",\"url\":\"https:\\\/\\\/akerstroms.se\\\/\",\"logo\":{\"@type\":\"ImageObject\",\"inLanguage\":\"en-US\",\"@id\":\"https:\\\/\\\/akerstroms.se\\\/#\\\/schema\\\/logo\\\/image\\\/\",\"url\":\"https:\\\/\\\/akerstroms.se\\\/app\\\/uploads\\\/2021\\\/10\\\/akerstroms-logo.png\",\"contentUrl\":\"https:\\\/\\\/akerstroms.se\\\/app\\\/uploads\\\/2021\\\/10\\\/akerstroms-logo.png\",\"width\":400,\"height\":86,\"caption\":\"\u00c5kerstr\u00f6ms AB\"},\"image\":{\"@id\":\"https:\\\/\\\/akerstroms.se\\\/#\\\/schema\\\/logo\\\/image\\\/\"},\"sameAs\":[\"https:\\\/\\\/www.facebook.com\\\/akerstroms.se\",\"https:\\\/\\\/www.linkedin.com\\\/company\\\/akerstroms\\\/\",\"https:\\\/\\\/www.youtube.com\\\/channel\\\/UC8S-jX9nA8c9qBaTlgqg1CQ\"]},{\"@type\":\"Person\",\"@id\":\"https:\\\/\\\/akerstroms.se\\\/#\\\/schema\\\/person\\\/7540f20a7451fe9e4661239917d1e0b4\",\"name\":\"Julia M\u00f6rk Eriksson\",\"image\":{\"@type\":\"ImageObject\",\"inLanguage\":\"en-US\",\"@id\":\"https:\\\/\\\/secure.gravatar.com\\\/avatar\\\/e544963bb04c7afc1bccabb47fa6148af4aa4236f22494f4f6ae4dfd4322c050?s=96&d=mm&r=g\",\"url\":\"https:\\\/\\\/secure.gravatar.com\\\/avatar\\\/e544963bb04c7afc1bccabb47fa6148af4aa4236f22494f4f6ae4dfd4322c050?s=96&d=mm&r=g\",\"contentUrl\":\"https:\\\/\\\/secure.gravatar.com\\\/avatar\\\/e544963bb04c7afc1bccabb47fa6148af4aa4236f22494f4f6ae4dfd4322c050?s=96&d=mm&r=g\",\"caption\":\"Julia M\u00f6rk Eriksson\"},\"url\":\"https:\\\/\\\/akerstroms.se\\\/en\\\/author\\\/julia-morkakerstroms-se\\\/\"}]}<\/script>\n<!-- \/ Yoast SEO plugin. -->","yoast_head_json":{"title":"Hans \u00c5kerblom takes over as CEO - \u00c5kerstr\u00f6ms Bj\u00f6rbo","robots":{"index":"index","follow":"follow","max-snippet":"max-snippet:-1","max-image-preview":"max-image-preview:large","max-video-preview":"max-video-preview:-1"},"canonical":"https:\/\/akerstroms.se\/en\/news-en\/hans-akerblom-takes-over-as-ceo\/","og_locale":"en_US","og_type":"article","og_title":"Hans \u00c5kerblom takes over as CEO - \u00c5kerstr\u00f6ms Bj\u00f6rbo","og_description":"After two successful years as Sales Manager, Hans \u00c5kerblom is now stepping into the role of CEO of \u00c5kerstr\u00f6ms, signalling a new era of growth...","og_url":"https:\/\/akerstroms.se\/en\/news-en\/hans-akerblom-takes-over-as-ceo\/","og_site_name":"\u00c5kerstr\u00f6ms Bj\u00f6rbo","article_publisher":"https:\/\/www.facebook.com\/akerstroms.se","article_published_time":"2023-11-03T07:24:43+00:00","article_modified_time":"2023-11-03T07:24:55+00:00","og_image":[{"url":"https:\/\/akerstroms.se\/app\/uploads\/2023\/11\/Hans-A-liggande-format-2.jpg","type":"","width":"","height":""}],"author":"Julia M\u00f6rk Eriksson","twitter_card":"summary_large_image","twitter_misc":{"Written by":"Julia M\u00f6rk Eriksson","Est. reading time":"2 minutes"},"schema":{"@context":"https:\/\/schema.org","@graph":[{"@type":"Article","@id":"https:\/\/akerstroms.se\/en\/news-en\/hans-akerblom-takes-over-as-ceo\/#article","isPartOf":{"@id":"https:\/\/akerstroms.se\/en\/news-en\/hans-akerblom-takes-over-as-ceo\/"},"author":{"name":"Julia M\u00f6rk Eriksson","@id":"https:\/\/akerstroms.se\/#\/schema\/person\/7540f20a7451fe9e4661239917d1e0b4"},"headline":"Hans \u00c5kerblom takes over as CEO","datePublished":"2023-11-03T07:24:43+00:00","dateModified":"2023-11-03T07:24:55+00:00","mainEntityOfPage":{"@id":"https:\/\/akerstroms.se\/en\/news-en\/hans-akerblom-takes-over-as-ceo\/"},"wordCount":232,"publisher":{"@id":"https:\/\/akerstroms.se\/#organization"},"image":{"@id":"https:\/\/akerstroms.se\/en\/news-en\/hans-akerblom-takes-over-as-ceo\/#primaryimage"},"thumbnailUrl":"https:\/\/akerstroms.se\/app\/uploads\/2023\/11\/Hans-A-liggande-format-2.jpg","articleSection":["News"],"inLanguage":"en-US"},{"@type":"WebPage","@id":"https:\/\/akerstroms.se\/en\/news-en\/hans-akerblom-takes-over-as-ceo\/","url":"https:\/\/akerstroms.se\/en\/news-en\/hans-akerblom-takes-over-as-ceo\/","name":"Hans \u00c5kerblom takes over as CEO - \u00c5kerstr\u00f6ms Bj\u00f6rbo","isPartOf":{"@id":"https:\/\/akerstroms.se\/#website"},"primaryImageOfPage":{"@id":"https:\/\/akerstroms.se\/en\/news-en\/hans-akerblom-takes-over-as-ceo\/#primaryimage"},"image":{"@id":"https:\/\/akerstroms.se\/en\/news-en\/hans-akerblom-takes-over-as-ceo\/#primaryimage"},"thumbnailUrl":"https:\/\/akerstroms.se\/app\/uploads\/2023\/11\/Hans-A-liggande-format-2.jpg","datePublished":"2023-11-03T07:24:43+00:00","dateModified":"2023-11-03T07:24:55+00:00","breadcrumb":{"@id":"https:\/\/akerstroms.se\/en\/news-en\/hans-akerblom-takes-over-as-ceo\/#breadcrumb"},"inLanguage":"en-US","potentialAction":[{"@type":"ReadAction","target":["https:\/\/akerstroms.se\/en\/news-en\/hans-akerblom-takes-over-as-ceo\/"]}]},{"@type":"ImageObject","inLanguage":"en-US","@id":"https:\/\/akerstroms.se\/en\/news-en\/hans-akerblom-takes-over-as-ceo\/#primaryimage","url":"https:\/\/akerstroms.se\/app\/uploads\/2023\/11\/Hans-A-liggande-format-2.jpg","contentUrl":"https:\/\/akerstroms.se\/app\/uploads\/2023\/11\/Hans-A-liggande-format-2.jpg"},{"@type":"BreadcrumbList","@id":"https:\/\/akerstroms.se\/en\/news-en\/hans-akerblom-takes-over-as-ceo\/#breadcrumb","itemListElement":[{"@type":"ListItem","position":1,"name":"Home","item":"https:\/\/akerstroms.se\/en\/"},{"@type":"ListItem","position":2,"name":"Hans \u00c5kerblom takes over as CEO"}]},{"@type":"WebSite","@id":"https:\/\/akerstroms.se\/#website","url":"https:\/\/akerstroms.se\/","name":"\u00c5kerstr\u00f6ms Bj\u00f6rbo","description":"Radiostyrning f\u00f6r industriella och mobila applikationer","publisher":{"@id":"https:\/\/akerstroms.se\/#organization"},"potentialAction":[{"@type":"SearchAction","target":{"@type":"EntryPoint","urlTemplate":"https:\/\/akerstroms.se\/?s={search_term_string}"},"query-input":{"@type":"PropertyValueSpecification","valueRequired":true,"valueName":"search_term_string"}}],"inLanguage":"en-US"},{"@type":"Organization","@id":"https:\/\/akerstroms.se\/#organization","name":"\u00c5kerstr\u00f6ms AB","url":"https:\/\/akerstroms.se\/","logo":{"@type":"ImageObject","inLanguage":"en-US","@id":"https:\/\/akerstroms.se\/#\/schema\/logo\/image\/","url":"https:\/\/akerstroms.se\/app\/uploads\/2021\/10\/akerstroms-logo.png","contentUrl":"https:\/\/akerstroms.se\/app\/uploads\/2021\/10\/akerstroms-logo.png","width":400,"height":86,"caption":"\u00c5kerstr\u00f6ms AB"},"image":{"@id":"https:\/\/akerstroms.se\/#\/schema\/logo\/image\/"},"sameAs":["https:\/\/www.facebook.com\/akerstroms.se","https:\/\/www.linkedin.com\/company\/akerstroms\/","https:\/\/www.youtube.com\/channel\/UC8S-jX9nA8c9qBaTlgqg1CQ"]},{"@type":"Person","@id":"https:\/\/akerstroms.se\/#\/schema\/person\/7540f20a7451fe9e4661239917d1e0b4","name":"Julia M\u00f6rk Eriksson","image":{"@type":"ImageObject","inLanguage":"en-US","@id":"https:\/\/secure.gravatar.com\/avatar\/e544963bb04c7afc1bccabb47fa6148af4aa4236f22494f4f6ae4dfd4322c050?s=96&d=mm&r=g","url":"https:\/\/secure.gravatar.com\/avatar\/e544963bb04c7afc1bccabb47fa6148af4aa4236f22494f4f6ae4dfd4322c050?s=96&d=mm&r=g","contentUrl":"https:\/\/secure.gravatar.com\/avatar\/e544963bb04c7afc1bccabb47fa6148af4aa4236f22494f4f6ae4dfd4322c050?s=96&d=mm&r=g","caption":"Julia M\u00f6rk Eriksson"},"url":"https:\/\/akerstroms.se\/en\/author\/julia-morkakerstroms-se\/"}]}},"_links":{"self":[{"href":"https:\/\/akerstroms.se\/en\/wp-json\/wp\/v2\/posts\/19325","targetHints":{"allow":["GET"]}}],"collection":[{"href":"https:\/\/akerstroms.se\/en\/wp-json\/wp\/v2\/posts"}],"about":[{"href":"https:\/\/akerstroms.se\/en\/wp-json\/wp\/v2\/types\/post"}],"author":[{"embeddable":true,"href":"https:\/\/akerstroms.se\/en\/wp-json\/wp\/v2\/users\/297"}],"replies":[{"embeddable":true,"href":"https:\/\/akerstroms.se\/en\/wp-json\/wp\/v2\/comments?post=19325"}],"version-history":[{"count":2,"href":"https:\/\/akerstroms.se\/en\/wp-json\/wp\/v2\/posts\/19325\/revisions"}],"predecessor-version":[{"id":19334,"href":"https:\/\/akerstroms.se\/en\/wp-json\/wp\/v2\/posts\/19325\/revisions\/19334"}],"wp:attachment":[{"href":"https:\/\/akerstroms.se\/en\/wp-json\/wp\/v2\/media?parent=19325"}],"wp:term":[{"taxonomy":"category","embeddable":true,"href":"https:\/\/akerstroms.se\/en\/wp-json\/wp\/v2\/categories?post=19325"},{"taxonomy":"post_tag","embeddable":true,"href":"https:\/\/akerstroms.se\/en\/wp-json\/wp\/v2\/tags?post=19325"}],"curies":[{"name":"wp","href":"https:\/\/api.w.org\/{rel}","templated":true}]}}