{"id":14894,"date":"2022-02-17T14:30:27","date_gmt":"2022-02-17T13:30:27","guid":{"rendered":"https:\/\/akerstroms.se\/okategoriserad\/anna-frosch-wird-neue-managerin-fur-hr-und-ehs\/"},"modified":"2022-02-17T14:30:27","modified_gmt":"2022-02-17T13:30:27","slug":"anna-frosch-wird-neue-managerin-fur-hr-und-ehs","status":"publish","type":"post","link":"https:\/\/akerstroms.se\/de\/nachrichten-de\/anna-frosch-wird-neue-managerin-fur-hr-und-ehs\/","title":{"rendered":"Anna Frosch wird neue Managerin f\u00fcr HR und EHS"},"content":{"rendered":"\n<p><strong>Am 1. Februar hat Anna Frosch ihre neue Position als HR- und EHS-Managerin angetreten. Diese Position wurde bei \u00c5kerstr\u00f6ms neu geschaffen und vereint die Verantwortungsbereiche f\u00fcr die Unternehmensentwicklung entsprechend der gesetzten Ziele.<\/strong><\/p>\n\n\n\n<p><br>Anna kommt direkt aus der Gesch\u00e4ftsentwicklung von Visit Dalarna. Davor war sie als HR-Partner bei Lyko in Vansbro und bei Wibe in Mora t\u00e4tig. Au\u00dferdem ist sie seit vielen Jahren im Bereich HR und Unternehmensentwicklung selbstst\u00e4ndig.<\/p>\n\n\n\n<blockquote class=\"wp-block-quote is-layout-flow wp-block-quote-is-layout-flow\"><p>\u201eIch freue mich darauf, zusammen mit diesem kompetenten Team die stolze Tradition von \u00c5kerstr\u00f6ms weiterf\u00fchren und ausbauen zu d\u00fcrfen. Mein Ziel ist dabei, die Arbeit in der strategischen und operativen HR so zu gestalten und voranzutreiben, dass wir zum attraktivsten Arbeitgeber im Westen Dalarnas werden. Ebenso wie wir weiterhin Vorreiter sein und f\u00fcr den weiteren Erfolg des Unternehmens und unserer Kunden neue und innovative L\u00f6sungen anbieten m\u00f6chten, m\u00fcssen wir auch intern innovativ sein und L\u00f6sungen f\u00fcr aktuelle und zuk\u00fcnftige Mitarbeiter entwickeln, damit sich diese wohlf\u00fchlen, weiterentwickeln und viele Jahre bei uns bleiben k\u00f6nnen.\u201c<\/p><\/blockquote>\n\n\n\n<blockquote class=\"wp-block-quote is-layout-flow wp-block-quote-is-layout-flow\"><p>\u201eBei allem, was wir tun, stehen unsere Mitarbeiter stets im Mittelpunkt und das wird auch so bleiben. Um diesen Fokus weiter zu st\u00e4rken, haben wir eine neue Position im Unternehmen geschaffen: Diese ist f\u00fcr alle unternehmerischen Aspekte zust\u00e4ndig, die sich jetzt und in Zukunft auf das Wohlbefinden, die Gesundheit und die Sicherheit unserer Mitarbeiter auswirken\u201c, sagt Anna Stiwne, Gesch\u00e4ftsf\u00fchrung von \u00c5kerstr\u00f6ms.<\/p><\/blockquote>\n\n\n\n<blockquote class=\"wp-block-quote is-layout-flow wp-block-quote-is-layout-flow\"><p>\u201eIch bin sehr froh, dass Anna sich f\u00fcr diese Position entschieden hat. Vor uns liegt eine spannende Reise und die HR-Leitung wird ein wichtiger Knotenpunkt innerhalb des Unternehmens sein. Anna bringt Energie und Leidenschaft f\u00fcr diese Aufgabe mit und wird gemeinsam mit unseren tollen Mitarbeitern daf\u00fcr sorgen, dass wir noch mehr zusammenwachsen und effektiver arbeiten\u201c, sagt Anna Stiwne.<\/p><\/blockquote>\n\n\n\n<p>Anna lebt mit ihrer Familie in \u00c4ppelbo. Ihre Energiereserven f\u00fcllt sie gern in der Natur auf, vor allem im norwegischen Bergland, wo Aktivit\u00e4ten wie Wandern, Skifahren und Fahrradtouren auf der Tagesordnung stehen.<\/p>\n\n\n\n<div class=\"wp-block-image\"><figure class=\"aligncenter size-full\"><img loading=\"lazy\" decoding=\"async\" width=\"600\" height=\"526\" src=\"https:\/\/akerstroms.se\/app\/uploads\/2022\/02\/anna-frosch-utanfor-kontoret_besk-600-pxl.jpg\" alt=\"\" class=\"wp-image-14843\" srcset=\"https:\/\/akerstroms.se\/app\/uploads\/2022\/02\/anna-frosch-utanfor-kontoret_besk-600-pxl.jpg 600w, https:\/\/akerstroms.se\/app\/uploads\/2022\/02\/anna-frosch-utanfor-kontoret_besk-600-pxl-250x219.jpg 250w, https:\/\/akerstroms.se\/app\/uploads\/2022\/02\/anna-frosch-utanfor-kontoret_besk-600-pxl-120x105.jpg 120w, https:\/\/akerstroms.se\/app\/uploads\/2022\/02\/anna-frosch-utanfor-kontoret_besk-600-pxl-540x473.jpg 540w, https:\/\/akerstroms.se\/app\/uploads\/2022\/02\/anna-frosch-utanfor-kontoret_besk-600-pxl-300x263.jpg 300w\" sizes=\"auto, (max-width: 600px) 100vw, 600px\" \/><figcaption>Anna Frosch vor der \u00c5kerstr\u00f6ms-Zentrale in Bj\u00f6rbo.<\/figcaption><\/figure><\/div>\n\n\n\n<p><em>F\u00fcr weitere Informationen wenden Sie sich gern an:<\/em><\/p>\n\n\n\n<p>Anna Stiwne, Gesch\u00e4ftsf\u00fchrung<br>Tel. +46 (0)70 244 77 16\u00a0\u00a0\u00a0\u00a0\u00a0\u00a0\u00a0\u00a0\u00a0\u00a0\u00a0\u00a0\u00a0\u00a0<br>E-Mail: <a href=\"mailto:anna.stiwne@akerstroms.se\">anna.stiwne@akerstroms.se<\/a><\/p>\n\n\n\n<p><strong><br>\u00dcber \u00c5kerstr\u00f6ms<\/strong><br>\u00c5kerstr\u00f6ms Bj\u00f6rbo AB bietet seinen Kunden sichere und nachhaltige L\u00f6sungen zur Funksteuerung und Vernetzung ihrer industriellen T\u00e4tigkeiten und Anwendungen. L\u00f6sungen, die f\u00fcr verst\u00e4rkte Kontrolle und Sicherheit sorgen, heute und in Zukunft.<br>Die Kundenbeziehungen von \u00c5kerstr\u00f6ms wurden \u00fcber viele Jahre aufgebaut und man beliefert heute viele Industrieunternehmen in Schweden und international.<\/p>\n\n\n\n<p>Gegr\u00fcndet wurde \u00c5kerstr\u00f6ms bereits 1918 und seit den 1950-er Jahren liegt der Unternehmensfokus auf der Entwicklung von industriellen Funksteuerungen. Die Zentrale befindet sich in Bj\u00f6rbo im schwedischen Dalarna und \u00c5kerstr\u00f6ms hat zurzeit ca. 55 Besch\u00e4ftigte.<br><br>\u00c5kerstr\u00f6ms Bj\u00f6rbo AB ist Teil der Allgongruppen.<\/p>\n","protected":false},"excerpt":{"rendered":"<p>Am 1. Februar hat Anna Frosch ihre neue Position als HR- und EHS-Managerin angetreten. Diese Position wurde bei \u00c5kerstr\u00f6ms neu geschaffen und vereint die Verantwortungsbereiche&#8230;<\/p>\n","protected":false},"author":7,"featured_media":14843,"comment_status":"closed","ping_status":"open","sticky":false,"template":"","format":"standard","meta":{"_acf_changed":false,"footnotes":""},"categories":[204],"tags":[],"class_list":["post-14894","post","type-post","status-publish","format-standard","has-post-thumbnail","hentry","category-nachrichten-de"],"acf":[],"yoast_head":"<!-- This site is optimized with the Yoast SEO plugin v27.4 - https:\/\/yoast.com\/product\/yoast-seo-wordpress\/ -->\n<title>Anna Frosch wird neue Managerin f\u00fcr HR und EHS - \u00c5kerstr\u00f6ms Bj\u00f6rbo<\/title>\n<meta name=\"robots\" content=\"index, follow, max-snippet:-1, max-image-preview:large, max-video-preview:-1\" \/>\n<link rel=\"canonical\" href=\"https:\/\/akerstroms.se\/okategoriserad\/anna-frosch-wird-neue-managerin-fur-hr-und-ehs\/\" \/>\n<meta property=\"og:locale\" content=\"de_DE\" \/>\n<meta property=\"og:type\" content=\"article\" \/>\n<meta property=\"og:title\" content=\"Anna Frosch wird neue Managerin f\u00fcr HR und EHS - \u00c5kerstr\u00f6ms Bj\u00f6rbo\" \/>\n<meta property=\"og:description\" content=\"Am 1. Februar hat Anna Frosch ihre neue Position als HR- und EHS-Managerin angetreten. Diese Position wurde bei \u00c5kerstr\u00f6ms neu geschaffen und vereint die Verantwortungsbereiche...\" \/>\n<meta property=\"og:url\" content=\"https:\/\/akerstroms.se\/okategoriserad\/anna-frosch-wird-neue-managerin-fur-hr-und-ehs\/\" \/>\n<meta property=\"og:site_name\" content=\"\u00c5kerstr\u00f6ms Bj\u00f6rbo\" \/>\n<meta property=\"article:publisher\" content=\"https:\/\/www.facebook.com\/akerstroms.se\" \/>\n<meta property=\"article:published_time\" content=\"2022-02-17T13:30:27+00:00\" \/>\n<meta property=\"og:image\" content=\"https:\/\/akerstroms.se\/app\/uploads\/2022\/02\/anna-frosch-utanfor-kontoret_besk-600-pxl.jpg\" \/>\n<meta name=\"author\" content=\"Erika Ryttare\" \/>\n<meta name=\"twitter:card\" content=\"summary_large_image\" \/>\n<meta name=\"twitter:label1\" content=\"Verfasst von\" \/>\n\t<meta name=\"twitter:data1\" content=\"Erika Ryttare\" \/>\n\t<meta name=\"twitter:label2\" content=\"Gesch\u00e4tzte Lesezeit\" \/>\n\t<meta name=\"twitter:data2\" content=\"2\u00a0Minuten\" \/>\n<script type=\"application\/ld+json\" class=\"yoast-schema-graph\">{\"@context\":\"https:\\\/\\\/schema.org\",\"@graph\":[{\"@type\":\"Article\",\"@id\":\"https:\\\/\\\/akerstroms.se\\\/okategoriserad\\\/anna-frosch-wird-neue-managerin-fur-hr-und-ehs\\\/#article\",\"isPartOf\":{\"@id\":\"https:\\\/\\\/akerstroms.se\\\/okategoriserad\\\/anna-frosch-wird-neue-managerin-fur-hr-und-ehs\\\/\"},\"author\":{\"name\":\"Erika Ryttare\",\"@id\":\"https:\\\/\\\/akerstroms.se\\\/#\\\/schema\\\/person\\\/ea5ee4a0517432fed5f0e116b883f9e2\"},\"headline\":\"Anna Frosch wird neue Managerin f\u00fcr HR und EHS\",\"datePublished\":\"2022-02-17T13:30:27+00:00\",\"mainEntityOfPage\":{\"@id\":\"https:\\\/\\\/akerstroms.se\\\/okategoriserad\\\/anna-frosch-wird-neue-managerin-fur-hr-und-ehs\\\/\"},\"wordCount\":486,\"publisher\":{\"@id\":\"https:\\\/\\\/akerstroms.se\\\/#organization\"},\"image\":{\"@id\":\"https:\\\/\\\/akerstroms.se\\\/okategoriserad\\\/anna-frosch-wird-neue-managerin-fur-hr-und-ehs\\\/#primaryimage\"},\"thumbnailUrl\":\"https:\\\/\\\/akerstroms.se\\\/app\\\/uploads\\\/2022\\\/02\\\/anna-frosch-utanfor-kontoret_besk-600-pxl.jpg\",\"articleSection\":[\"Neu!\"],\"inLanguage\":\"de\"},{\"@type\":\"WebPage\",\"@id\":\"https:\\\/\\\/akerstroms.se\\\/okategoriserad\\\/anna-frosch-wird-neue-managerin-fur-hr-und-ehs\\\/\",\"url\":\"https:\\\/\\\/akerstroms.se\\\/okategoriserad\\\/anna-frosch-wird-neue-managerin-fur-hr-und-ehs\\\/\",\"name\":\"Anna Frosch wird neue Managerin f\u00fcr HR und EHS - \u00c5kerstr\u00f6ms Bj\u00f6rbo\",\"isPartOf\":{\"@id\":\"https:\\\/\\\/akerstroms.se\\\/#website\"},\"primaryImageOfPage\":{\"@id\":\"https:\\\/\\\/akerstroms.se\\\/okategoriserad\\\/anna-frosch-wird-neue-managerin-fur-hr-und-ehs\\\/#primaryimage\"},\"image\":{\"@id\":\"https:\\\/\\\/akerstroms.se\\\/okategoriserad\\\/anna-frosch-wird-neue-managerin-fur-hr-und-ehs\\\/#primaryimage\"},\"thumbnailUrl\":\"https:\\\/\\\/akerstroms.se\\\/app\\\/uploads\\\/2022\\\/02\\\/anna-frosch-utanfor-kontoret_besk-600-pxl.jpg\",\"datePublished\":\"2022-02-17T13:30:27+00:00\",\"breadcrumb\":{\"@id\":\"https:\\\/\\\/akerstroms.se\\\/okategoriserad\\\/anna-frosch-wird-neue-managerin-fur-hr-und-ehs\\\/#breadcrumb\"},\"inLanguage\":\"de\",\"potentialAction\":[{\"@type\":\"ReadAction\",\"target\":[\"https:\\\/\\\/akerstroms.se\\\/okategoriserad\\\/anna-frosch-wird-neue-managerin-fur-hr-und-ehs\\\/\"]}]},{\"@type\":\"ImageObject\",\"inLanguage\":\"de\",\"@id\":\"https:\\\/\\\/akerstroms.se\\\/okategoriserad\\\/anna-frosch-wird-neue-managerin-fur-hr-und-ehs\\\/#primaryimage\",\"url\":\"https:\\\/\\\/akerstroms.se\\\/app\\\/uploads\\\/2022\\\/02\\\/anna-frosch-utanfor-kontoret_besk-600-pxl.jpg\",\"contentUrl\":\"https:\\\/\\\/akerstroms.se\\\/app\\\/uploads\\\/2022\\\/02\\\/anna-frosch-utanfor-kontoret_besk-600-pxl.jpg\",\"width\":600,\"height\":526,\"caption\":\"Anna Frosch \u00c5kerstr\u00f6ms\"},{\"@type\":\"BreadcrumbList\",\"@id\":\"https:\\\/\\\/akerstroms.se\\\/okategoriserad\\\/anna-frosch-wird-neue-managerin-fur-hr-und-ehs\\\/#breadcrumb\",\"itemListElement\":[{\"@type\":\"ListItem\",\"position\":1,\"name\":\"Home\",\"item\":\"https:\\\/\\\/akerstroms.se\\\/de\\\/\"},{\"@type\":\"ListItem\",\"position\":2,\"name\":\"Anna Frosch wird neue Managerin f\u00fcr HR und EHS\"}]},{\"@type\":\"WebSite\",\"@id\":\"https:\\\/\\\/akerstroms.se\\\/#website\",\"url\":\"https:\\\/\\\/akerstroms.se\\\/\",\"name\":\"\u00c5kerstr\u00f6ms Bj\u00f6rbo\",\"description\":\"Radiostyrning f\u00f6r industriella och mobila applikationer\",\"publisher\":{\"@id\":\"https:\\\/\\\/akerstroms.se\\\/#organization\"},\"potentialAction\":[{\"@type\":\"SearchAction\",\"target\":{\"@type\":\"EntryPoint\",\"urlTemplate\":\"https:\\\/\\\/akerstroms.se\\\/?s={search_term_string}\"},\"query-input\":{\"@type\":\"PropertyValueSpecification\",\"valueRequired\":true,\"valueName\":\"search_term_string\"}}],\"inLanguage\":\"de\"},{\"@type\":\"Organization\",\"@id\":\"https:\\\/\\\/akerstroms.se\\\/#organization\",\"name\":\"\u00c5kerstr\u00f6ms AB\",\"url\":\"https:\\\/\\\/akerstroms.se\\\/\",\"logo\":{\"@type\":\"ImageObject\",\"inLanguage\":\"de\",\"@id\":\"https:\\\/\\\/akerstroms.se\\\/#\\\/schema\\\/logo\\\/image\\\/\",\"url\":\"https:\\\/\\\/akerstroms.se\\\/app\\\/uploads\\\/2021\\\/10\\\/akerstroms-logo.png\",\"contentUrl\":\"https:\\\/\\\/akerstroms.se\\\/app\\\/uploads\\\/2021\\\/10\\\/akerstroms-logo.png\",\"width\":400,\"height\":86,\"caption\":\"\u00c5kerstr\u00f6ms AB\"},\"image\":{\"@id\":\"https:\\\/\\\/akerstroms.se\\\/#\\\/schema\\\/logo\\\/image\\\/\"},\"sameAs\":[\"https:\\\/\\\/www.facebook.com\\\/akerstroms.se\",\"https:\\\/\\\/www.linkedin.com\\\/company\\\/akerstroms\\\/\",\"https:\\\/\\\/www.youtube.com\\\/channel\\\/UC8S-jX9nA8c9qBaTlgqg1CQ\"]},{\"@type\":\"Person\",\"@id\":\"https:\\\/\\\/akerstroms.se\\\/#\\\/schema\\\/person\\\/ea5ee4a0517432fed5f0e116b883f9e2\",\"name\":\"Erika Ryttare\",\"image\":{\"@type\":\"ImageObject\",\"inLanguage\":\"de\",\"@id\":\"https:\\\/\\\/secure.gravatar.com\\\/avatar\\\/48b6c136b0f084a5b8e3d8d2030d4ba1c4e95e7f124bb1ecc5df9b61f4a45a65?s=96&d=mm&r=g\",\"url\":\"https:\\\/\\\/secure.gravatar.com\\\/avatar\\\/48b6c136b0f084a5b8e3d8d2030d4ba1c4e95e7f124bb1ecc5df9b61f4a45a65?s=96&d=mm&r=g\",\"contentUrl\":\"https:\\\/\\\/secure.gravatar.com\\\/avatar\\\/48b6c136b0f084a5b8e3d8d2030d4ba1c4e95e7f124bb1ecc5df9b61f4a45a65?s=96&d=mm&r=g\",\"caption\":\"Erika Ryttare\"},\"url\":\"https:\\\/\\\/akerstroms.se\\\/de\\\/author\\\/erikaryttare\\\/\"}]}<\/script>\n<!-- \/ Yoast SEO plugin. -->","yoast_head_json":{"title":"Anna Frosch wird neue Managerin f\u00fcr HR und EHS - \u00c5kerstr\u00f6ms Bj\u00f6rbo","robots":{"index":"index","follow":"follow","max-snippet":"max-snippet:-1","max-image-preview":"max-image-preview:large","max-video-preview":"max-video-preview:-1"},"canonical":"https:\/\/akerstroms.se\/okategoriserad\/anna-frosch-wird-neue-managerin-fur-hr-und-ehs\/","og_locale":"de_DE","og_type":"article","og_title":"Anna Frosch wird neue Managerin f\u00fcr HR und EHS - \u00c5kerstr\u00f6ms Bj\u00f6rbo","og_description":"Am 1. Februar hat Anna Frosch ihre neue Position als HR- und EHS-Managerin angetreten. Diese Position wurde bei \u00c5kerstr\u00f6ms neu geschaffen und vereint die Verantwortungsbereiche...","og_url":"https:\/\/akerstroms.se\/okategoriserad\/anna-frosch-wird-neue-managerin-fur-hr-und-ehs\/","og_site_name":"\u00c5kerstr\u00f6ms Bj\u00f6rbo","article_publisher":"https:\/\/www.facebook.com\/akerstroms.se","article_published_time":"2022-02-17T13:30:27+00:00","og_image":[{"url":"https:\/\/akerstroms.se\/app\/uploads\/2022\/02\/anna-frosch-utanfor-kontoret_besk-600-pxl.jpg","type":"","width":"","height":""}],"author":"Erika Ryttare","twitter_card":"summary_large_image","twitter_misc":{"Verfasst von":"Erika Ryttare","Gesch\u00e4tzte Lesezeit":"2\u00a0Minuten"},"schema":{"@context":"https:\/\/schema.org","@graph":[{"@type":"Article","@id":"https:\/\/akerstroms.se\/okategoriserad\/anna-frosch-wird-neue-managerin-fur-hr-und-ehs\/#article","isPartOf":{"@id":"https:\/\/akerstroms.se\/okategoriserad\/anna-frosch-wird-neue-managerin-fur-hr-und-ehs\/"},"author":{"name":"Erika Ryttare","@id":"https:\/\/akerstroms.se\/#\/schema\/person\/ea5ee4a0517432fed5f0e116b883f9e2"},"headline":"Anna Frosch wird neue Managerin f\u00fcr HR und EHS","datePublished":"2022-02-17T13:30:27+00:00","mainEntityOfPage":{"@id":"https:\/\/akerstroms.se\/okategoriserad\/anna-frosch-wird-neue-managerin-fur-hr-und-ehs\/"},"wordCount":486,"publisher":{"@id":"https:\/\/akerstroms.se\/#organization"},"image":{"@id":"https:\/\/akerstroms.se\/okategoriserad\/anna-frosch-wird-neue-managerin-fur-hr-und-ehs\/#primaryimage"},"thumbnailUrl":"https:\/\/akerstroms.se\/app\/uploads\/2022\/02\/anna-frosch-utanfor-kontoret_besk-600-pxl.jpg","articleSection":["Neu!"],"inLanguage":"de"},{"@type":"WebPage","@id":"https:\/\/akerstroms.se\/okategoriserad\/anna-frosch-wird-neue-managerin-fur-hr-und-ehs\/","url":"https:\/\/akerstroms.se\/okategoriserad\/anna-frosch-wird-neue-managerin-fur-hr-und-ehs\/","name":"Anna Frosch wird neue Managerin f\u00fcr HR und EHS - \u00c5kerstr\u00f6ms Bj\u00f6rbo","isPartOf":{"@id":"https:\/\/akerstroms.se\/#website"},"primaryImageOfPage":{"@id":"https:\/\/akerstroms.se\/okategoriserad\/anna-frosch-wird-neue-managerin-fur-hr-und-ehs\/#primaryimage"},"image":{"@id":"https:\/\/akerstroms.se\/okategoriserad\/anna-frosch-wird-neue-managerin-fur-hr-und-ehs\/#primaryimage"},"thumbnailUrl":"https:\/\/akerstroms.se\/app\/uploads\/2022\/02\/anna-frosch-utanfor-kontoret_besk-600-pxl.jpg","datePublished":"2022-02-17T13:30:27+00:00","breadcrumb":{"@id":"https:\/\/akerstroms.se\/okategoriserad\/anna-frosch-wird-neue-managerin-fur-hr-und-ehs\/#breadcrumb"},"inLanguage":"de","potentialAction":[{"@type":"ReadAction","target":["https:\/\/akerstroms.se\/okategoriserad\/anna-frosch-wird-neue-managerin-fur-hr-und-ehs\/"]}]},{"@type":"ImageObject","inLanguage":"de","@id":"https:\/\/akerstroms.se\/okategoriserad\/anna-frosch-wird-neue-managerin-fur-hr-und-ehs\/#primaryimage","url":"https:\/\/akerstroms.se\/app\/uploads\/2022\/02\/anna-frosch-utanfor-kontoret_besk-600-pxl.jpg","contentUrl":"https:\/\/akerstroms.se\/app\/uploads\/2022\/02\/anna-frosch-utanfor-kontoret_besk-600-pxl.jpg","width":600,"height":526,"caption":"Anna Frosch \u00c5kerstr\u00f6ms"},{"@type":"BreadcrumbList","@id":"https:\/\/akerstroms.se\/okategoriserad\/anna-frosch-wird-neue-managerin-fur-hr-und-ehs\/#breadcrumb","itemListElement":[{"@type":"ListItem","position":1,"name":"Home","item":"https:\/\/akerstroms.se\/de\/"},{"@type":"ListItem","position":2,"name":"Anna Frosch wird neue Managerin f\u00fcr HR und EHS"}]},{"@type":"WebSite","@id":"https:\/\/akerstroms.se\/#website","url":"https:\/\/akerstroms.se\/","name":"\u00c5kerstr\u00f6ms Bj\u00f6rbo","description":"Radiostyrning f\u00f6r industriella och mobila applikationer","publisher":{"@id":"https:\/\/akerstroms.se\/#organization"},"potentialAction":[{"@type":"SearchAction","target":{"@type":"EntryPoint","urlTemplate":"https:\/\/akerstroms.se\/?s={search_term_string}"},"query-input":{"@type":"PropertyValueSpecification","valueRequired":true,"valueName":"search_term_string"}}],"inLanguage":"de"},{"@type":"Organization","@id":"https:\/\/akerstroms.se\/#organization","name":"\u00c5kerstr\u00f6ms AB","url":"https:\/\/akerstroms.se\/","logo":{"@type":"ImageObject","inLanguage":"de","@id":"https:\/\/akerstroms.se\/#\/schema\/logo\/image\/","url":"https:\/\/akerstroms.se\/app\/uploads\/2021\/10\/akerstroms-logo.png","contentUrl":"https:\/\/akerstroms.se\/app\/uploads\/2021\/10\/akerstroms-logo.png","width":400,"height":86,"caption":"\u00c5kerstr\u00f6ms AB"},"image":{"@id":"https:\/\/akerstroms.se\/#\/schema\/logo\/image\/"},"sameAs":["https:\/\/www.facebook.com\/akerstroms.se","https:\/\/www.linkedin.com\/company\/akerstroms\/","https:\/\/www.youtube.com\/channel\/UC8S-jX9nA8c9qBaTlgqg1CQ"]},{"@type":"Person","@id":"https:\/\/akerstroms.se\/#\/schema\/person\/ea5ee4a0517432fed5f0e116b883f9e2","name":"Erika Ryttare","image":{"@type":"ImageObject","inLanguage":"de","@id":"https:\/\/secure.gravatar.com\/avatar\/48b6c136b0f084a5b8e3d8d2030d4ba1c4e95e7f124bb1ecc5df9b61f4a45a65?s=96&d=mm&r=g","url":"https:\/\/secure.gravatar.com\/avatar\/48b6c136b0f084a5b8e3d8d2030d4ba1c4e95e7f124bb1ecc5df9b61f4a45a65?s=96&d=mm&r=g","contentUrl":"https:\/\/secure.gravatar.com\/avatar\/48b6c136b0f084a5b8e3d8d2030d4ba1c4e95e7f124bb1ecc5df9b61f4a45a65?s=96&d=mm&r=g","caption":"Erika Ryttare"},"url":"https:\/\/akerstroms.se\/de\/author\/erikaryttare\/"}]}},"_links":{"self":[{"href":"https:\/\/akerstroms.se\/de\/wp-json\/wp\/v2\/posts\/14894","targetHints":{"allow":["GET"]}}],"collection":[{"href":"https:\/\/akerstroms.se\/de\/wp-json\/wp\/v2\/posts"}],"about":[{"href":"https:\/\/akerstroms.se\/de\/wp-json\/wp\/v2\/types\/post"}],"author":[{"embeddable":true,"href":"https:\/\/akerstroms.se\/de\/wp-json\/wp\/v2\/users\/7"}],"replies":[{"embeddable":true,"href":"https:\/\/akerstroms.se\/de\/wp-json\/wp\/v2\/comments?post=14894"}],"version-history":[{"count":0,"href":"https:\/\/akerstroms.se\/de\/wp-json\/wp\/v2\/posts\/14894\/revisions"}],"wp:featuredmedia":[{"embeddable":true,"href":"https:\/\/akerstroms.se\/de\/wp-json\/wp\/v2\/media\/14843"}],"wp:attachment":[{"href":"https:\/\/akerstroms.se\/de\/wp-json\/wp\/v2\/media?parent=14894"}],"wp:term":[{"taxonomy":"category","embeddable":true,"href":"https:\/\/akerstroms.se\/de\/wp-json\/wp\/v2\/categories?post=14894"},{"taxonomy":"post_tag","embeddable":true,"href":"https:\/\/akerstroms.se\/de\/wp-json\/wp\/v2\/tags?post=14894"}],"curies":[{"name":"wp","href":"https:\/\/api.w.org\/{rel}","templated":true}]}}