{"id":14293,"date":"2021-12-02T17:03:43","date_gmt":"2021-12-02T16:03:43","guid":{"rendered":"https:\/\/akerstroms.se\/?p=14293"},"modified":"2021-12-03T09:22:38","modified_gmt":"2021-12-03T08:22:38","slug":"umweltfreundlichere-verpackung","status":"publish","type":"post","link":"https:\/\/akerstroms.se\/de\/nachrichten-de\/umweltfreundlichere-verpackung\/","title":{"rendered":"Umweltfreundlichere Verpackung"},"content":{"rendered":"\n<div class=\"wp-block-cover\"><img loading=\"lazy\" decoding=\"async\" width=\"2000\" height=\"734\" class=\"wp-block-cover__image-background wp-image-14188\" alt=\"\" src=\"https:\/\/akerstroms.se\/app\/uploads\/2021\/11\/Recycledtopp.png\" data-object-fit=\"cover\" srcset=\"https:\/\/akerstroms.se\/app\/uploads\/2021\/11\/Recycledtopp.png 2000w, https:\/\/akerstroms.se\/app\/uploads\/2021\/11\/Recycledtopp-250x92.png 250w, https:\/\/akerstroms.se\/app\/uploads\/2021\/11\/Recycledtopp-700x257.png 700w, https:\/\/akerstroms.se\/app\/uploads\/2021\/11\/Recycledtopp-768x282.png 768w, https:\/\/akerstroms.se\/app\/uploads\/2021\/11\/Recycledtopp-1536x564.png 1536w, https:\/\/akerstroms.se\/app\/uploads\/2021\/11\/Recycledtopp-120x44.png 120w, https:\/\/akerstroms.se\/app\/uploads\/2021\/11\/Recycledtopp-540x198.png 540w, https:\/\/akerstroms.se\/app\/uploads\/2021\/11\/Recycledtopp-300x110.png 300w, https:\/\/akerstroms.se\/app\/uploads\/2021\/11\/Recycledtopp-600x220.png 600w\" sizes=\"auto, (max-width: 2000px) 100vw, 2000px\" \/><div class=\"wp-block-cover__inner-container is-layout-flow wp-block-cover-is-layout-flow\">\n<p class=\"has-text-align-center has-large-font-size\"><\/p>\n<\/div><\/div>\n\n\n\n<h3 class=\"alignwide has-text-align-left wp-block-heading\" id=\"h-neue-verpackungen-der-umwelt-zuliebe\">Neue Verpackungen \u2013 <strong>der Umwelt<\/strong> zuliebe <\/h3>\n\n\n\n<p>Seit \u00fcber 100 Jahren leistet \u00c5kerstr\u00f6ms einen Beitrag zu sicheren Hebevorg\u00e4ngen in allen Winkeln der Industrie und mit unserer robusten Funksteuerung unterst\u00fctzen wir direkt eine sichere Arbeitsumgebung. Aber der Nachhaltigkeitsgedanke soll unsere gesamte T\u00e4tigkeit durchdringen. Es geht darum, den Schutz der Umwelt zu ber\u00fccksichtigen, Voraussetzungen f\u00fcr gute Arbeitsbedingungen zu schaffen, innovativ zu denken und langfristig haltbare Produkte zu entwickeln. Die Industrie soll gemeinsam den Nutzen, die M\u00f6glichkeiten und die Notwendigkeit ins Auge fassen, Arbeitsmodelle, Prozesse und Strategien umzuformulieren, um so nachhaltig wie m\u00f6glich zu werden.<\/p>\n\n\n\n<p class=\"has-text-align-left\">Die Zukunft beginnt mit den Entscheidungen, die wir heute treffen. Deshalb greifen wir jetzt auf andere Verpackungen aus ungebleichter und recycelter Pappe zur\u00fcck, die umweltfreundlicher sind. Bereits seit 1918 setzt \u00c5kerstr\u00f6ms in seinem Unternehmertum auf nachhaltige Entscheidungen. Diesen Weg m\u00f6chten wir mit Innovation als treibender Kraft und der Nachhaltigkeit als Ziel auch weiterhin beschreiten. Die gesamte Industrie muss Verantwortung f\u00fcr eine nachhaltige Entwicklung \u00fcbernehmen. Zusammen machen wir den Unterschied.<\/p>\n\n\n\n<div class=\"wp-block-image\"><figure class=\"aligncenter size-large\"><img loading=\"lazy\" decoding=\"async\" width=\"700\" height=\"417\" src=\"https:\/\/akerstroms.se\/app\/uploads\/2021\/11\/forpackningar-frilagda-700x417.png\" alt=\"\" class=\"wp-image-14236\" srcset=\"https:\/\/akerstroms.se\/app\/uploads\/2021\/11\/forpackningar-frilagda-700x417.png 700w, https:\/\/akerstroms.se\/app\/uploads\/2021\/11\/forpackningar-frilagda-250x149.png 250w, https:\/\/akerstroms.se\/app\/uploads\/2021\/11\/forpackningar-frilagda-768x457.png 768w, https:\/\/akerstroms.se\/app\/uploads\/2021\/11\/forpackningar-frilagda-120x71.png 120w, https:\/\/akerstroms.se\/app\/uploads\/2021\/11\/forpackningar-frilagda-540x322.png 540w, https:\/\/akerstroms.se\/app\/uploads\/2021\/11\/forpackningar-frilagda-300x179.png 300w, https:\/\/akerstroms.se\/app\/uploads\/2021\/11\/forpackningar-frilagda-600x357.png 600w, https:\/\/akerstroms.se\/app\/uploads\/2021\/11\/forpackningar-frilagda.png 1417w\" sizes=\"auto, (max-width: 700px) 100vw, 700px\" \/><\/figure><\/div>\n\n\n\n<p class=\"has-text-align-left\">Wir haben bereits mit der Produktion der neuen Verpackung begonnen und vielleicht haben Sie schon eine in Ihrer Lieferung erhalten? Wir werfen keine der \u00e4lteren Verpackungen weg, sondern verbrauchen selbstverst\u00e4ndlich den bereits produzierten Bestand. Es kann einige Zeit dauern, bis Sie ein neues Verpackungsl\u00e4tzchen erhalten. Aber wer auf etwas Gutes wartet&#8230; <\/p>\n\n\n\n<p class=\"has-text-align-left\">Lesen Sie mehr \u00fcber unsere <a href=\"https:\/\/akerstroms.se\/de\/nachhaltigkeit\/\"> Nachhaltigkeitsarbeit<\/a> <\/p>\n","protected":false},"excerpt":{"rendered":"<p>Neue Verpackungen \u2013 der Umwelt zuliebe Seit \u00fcber 100 Jahren leistet \u00c5kerstr\u00f6ms einen Beitrag zu sicheren Hebevorg\u00e4ngen in allen Winkeln der Industrie und mit unserer&#8230;<\/p>\n","protected":false},"author":7,"featured_media":14335,"comment_status":"closed","ping_status":"open","sticky":false,"template":"","format":"standard","meta":{"_acf_changed":false,"footnotes":""},"categories":[204],"tags":[],"class_list":["post-14293","post","type-post","status-publish","format-standard","has-post-thumbnail","hentry","category-nachrichten-de"],"acf":[],"yoast_head":"<!-- This site is optimized with the Yoast SEO plugin v27.4 - https:\/\/yoast.com\/product\/yoast-seo-wordpress\/ -->\n<title>Umweltfreundlichere Verpackung - \u00c5kerstr\u00f6ms Bj\u00f6rbo<\/title>\n<meta name=\"robots\" content=\"index, follow, max-snippet:-1, max-image-preview:large, max-video-preview:-1\" \/>\n<link rel=\"canonical\" href=\"https:\/\/akerstroms.se\/de\/nachrichten-de\/umweltfreundlichere-verpackung\/\" \/>\n<meta property=\"og:locale\" content=\"de_DE\" \/>\n<meta property=\"og:type\" content=\"article\" \/>\n<meta property=\"og:title\" content=\"Umweltfreundlichere Verpackung - \u00c5kerstr\u00f6ms Bj\u00f6rbo\" \/>\n<meta property=\"og:description\" content=\"Neue Verpackungen \u2013 der Umwelt zuliebe Seit \u00fcber 100 Jahren leistet \u00c5kerstr\u00f6ms einen Beitrag zu sicheren Hebevorg\u00e4ngen in allen Winkeln der Industrie und mit unserer...\" \/>\n<meta property=\"og:url\" content=\"https:\/\/akerstroms.se\/de\/nachrichten-de\/umweltfreundlichere-verpackung\/\" \/>\n<meta property=\"og:site_name\" content=\"\u00c5kerstr\u00f6ms Bj\u00f6rbo\" \/>\n<meta property=\"article:publisher\" content=\"https:\/\/www.facebook.com\/akerstroms.se\" \/>\n<meta property=\"article:published_time\" content=\"2021-12-02T16:03:43+00:00\" \/>\n<meta property=\"article:modified_time\" content=\"2021-12-03T08:22:38+00:00\" \/>\n<meta property=\"og:image\" content=\"https:\/\/akerstroms.se\/app\/uploads\/2021\/12\/eco-friendly-top-picture.png\" \/>\n\t<meta property=\"og:image:width\" content=\"1133\" \/>\n\t<meta property=\"og:image:height\" content=\"734\" \/>\n\t<meta property=\"og:image:type\" content=\"image\/png\" \/>\n<meta name=\"author\" content=\"Erika Ryttare\" \/>\n<meta name=\"twitter:card\" content=\"summary_large_image\" \/>\n<meta name=\"twitter:label1\" content=\"Verfasst von\" \/>\n\t<meta name=\"twitter:data1\" content=\"Erika Ryttare\" \/>\n\t<meta name=\"twitter:label2\" content=\"Gesch\u00e4tzte Lesezeit\" \/>\n\t<meta name=\"twitter:data2\" content=\"2\u00a0Minuten\" \/>\n<script type=\"application\/ld+json\" class=\"yoast-schema-graph\">{\"@context\":\"https:\\\/\\\/schema.org\",\"@graph\":[{\"@type\":\"Article\",\"@id\":\"https:\\\/\\\/akerstroms.se\\\/de\\\/nachrichten-de\\\/umweltfreundlichere-verpackung\\\/#article\",\"isPartOf\":{\"@id\":\"https:\\\/\\\/akerstroms.se\\\/de\\\/nachrichten-de\\\/umweltfreundlichere-verpackung\\\/\"},\"author\":{\"name\":\"Erika Ryttare\",\"@id\":\"https:\\\/\\\/akerstroms.se\\\/#\\\/schema\\\/person\\\/ea5ee4a0517432fed5f0e116b883f9e2\"},\"headline\":\"Umweltfreundlichere Verpackung\",\"datePublished\":\"2021-12-02T16:03:43+00:00\",\"dateModified\":\"2021-12-03T08:22:38+00:00\",\"mainEntityOfPage\":{\"@id\":\"https:\\\/\\\/akerstroms.se\\\/de\\\/nachrichten-de\\\/umweltfreundlichere-verpackung\\\/\"},\"wordCount\":230,\"publisher\":{\"@id\":\"https:\\\/\\\/akerstroms.se\\\/#organization\"},\"image\":{\"@id\":\"https:\\\/\\\/akerstroms.se\\\/de\\\/nachrichten-de\\\/umweltfreundlichere-verpackung\\\/#primaryimage\"},\"thumbnailUrl\":\"https:\\\/\\\/akerstroms.se\\\/app\\\/uploads\\\/2021\\\/12\\\/eco-friendly-top-picture.png\",\"articleSection\":[\"Neu!\"],\"inLanguage\":\"de\"},{\"@type\":\"WebPage\",\"@id\":\"https:\\\/\\\/akerstroms.se\\\/de\\\/nachrichten-de\\\/umweltfreundlichere-verpackung\\\/\",\"url\":\"https:\\\/\\\/akerstroms.se\\\/de\\\/nachrichten-de\\\/umweltfreundlichere-verpackung\\\/\",\"name\":\"Umweltfreundlichere Verpackung - \u00c5kerstr\u00f6ms Bj\u00f6rbo\",\"isPartOf\":{\"@id\":\"https:\\\/\\\/akerstroms.se\\\/#website\"},\"primaryImageOfPage\":{\"@id\":\"https:\\\/\\\/akerstroms.se\\\/de\\\/nachrichten-de\\\/umweltfreundlichere-verpackung\\\/#primaryimage\"},\"image\":{\"@id\":\"https:\\\/\\\/akerstroms.se\\\/de\\\/nachrichten-de\\\/umweltfreundlichere-verpackung\\\/#primaryimage\"},\"thumbnailUrl\":\"https:\\\/\\\/akerstroms.se\\\/app\\\/uploads\\\/2021\\\/12\\\/eco-friendly-top-picture.png\",\"datePublished\":\"2021-12-02T16:03:43+00:00\",\"dateModified\":\"2021-12-03T08:22:38+00:00\",\"breadcrumb\":{\"@id\":\"https:\\\/\\\/akerstroms.se\\\/de\\\/nachrichten-de\\\/umweltfreundlichere-verpackung\\\/#breadcrumb\"},\"inLanguage\":\"de\",\"potentialAction\":[{\"@type\":\"ReadAction\",\"target\":[\"https:\\\/\\\/akerstroms.se\\\/de\\\/nachrichten-de\\\/umweltfreundlichere-verpackung\\\/\"]}]},{\"@type\":\"ImageObject\",\"inLanguage\":\"de\",\"@id\":\"https:\\\/\\\/akerstroms.se\\\/de\\\/nachrichten-de\\\/umweltfreundlichere-verpackung\\\/#primaryimage\",\"url\":\"https:\\\/\\\/akerstroms.se\\\/app\\\/uploads\\\/2021\\\/12\\\/eco-friendly-top-picture.png\",\"contentUrl\":\"https:\\\/\\\/akerstroms.se\\\/app\\\/uploads\\\/2021\\\/12\\\/eco-friendly-top-picture.png\",\"width\":1133,\"height\":734,\"caption\":\"Eco friendly packaging\"},{\"@type\":\"BreadcrumbList\",\"@id\":\"https:\\\/\\\/akerstroms.se\\\/de\\\/nachrichten-de\\\/umweltfreundlichere-verpackung\\\/#breadcrumb\",\"itemListElement\":[{\"@type\":\"ListItem\",\"position\":1,\"name\":\"Home\",\"item\":\"https:\\\/\\\/akerstroms.se\\\/de\\\/\"},{\"@type\":\"ListItem\",\"position\":2,\"name\":\"Umweltfreundlichere Verpackung\"}]},{\"@type\":\"WebSite\",\"@id\":\"https:\\\/\\\/akerstroms.se\\\/#website\",\"url\":\"https:\\\/\\\/akerstroms.se\\\/\",\"name\":\"\u00c5kerstr\u00f6ms Bj\u00f6rbo\",\"description\":\"Radiostyrning f\u00f6r industriella och mobila applikationer\",\"publisher\":{\"@id\":\"https:\\\/\\\/akerstroms.se\\\/#organization\"},\"potentialAction\":[{\"@type\":\"SearchAction\",\"target\":{\"@type\":\"EntryPoint\",\"urlTemplate\":\"https:\\\/\\\/akerstroms.se\\\/?s={search_term_string}\"},\"query-input\":{\"@type\":\"PropertyValueSpecification\",\"valueRequired\":true,\"valueName\":\"search_term_string\"}}],\"inLanguage\":\"de\"},{\"@type\":\"Organization\",\"@id\":\"https:\\\/\\\/akerstroms.se\\\/#organization\",\"name\":\"\u00c5kerstr\u00f6ms AB\",\"url\":\"https:\\\/\\\/akerstroms.se\\\/\",\"logo\":{\"@type\":\"ImageObject\",\"inLanguage\":\"de\",\"@id\":\"https:\\\/\\\/akerstroms.se\\\/#\\\/schema\\\/logo\\\/image\\\/\",\"url\":\"https:\\\/\\\/akerstroms.se\\\/app\\\/uploads\\\/2021\\\/10\\\/akerstroms-logo.png\",\"contentUrl\":\"https:\\\/\\\/akerstroms.se\\\/app\\\/uploads\\\/2021\\\/10\\\/akerstroms-logo.png\",\"width\":400,\"height\":86,\"caption\":\"\u00c5kerstr\u00f6ms AB\"},\"image\":{\"@id\":\"https:\\\/\\\/akerstroms.se\\\/#\\\/schema\\\/logo\\\/image\\\/\"},\"sameAs\":[\"https:\\\/\\\/www.facebook.com\\\/akerstroms.se\",\"https:\\\/\\\/www.linkedin.com\\\/company\\\/akerstroms\\\/\",\"https:\\\/\\\/www.youtube.com\\\/channel\\\/UC8S-jX9nA8c9qBaTlgqg1CQ\"]},{\"@type\":\"Person\",\"@id\":\"https:\\\/\\\/akerstroms.se\\\/#\\\/schema\\\/person\\\/ea5ee4a0517432fed5f0e116b883f9e2\",\"name\":\"Erika Ryttare\",\"image\":{\"@type\":\"ImageObject\",\"inLanguage\":\"de\",\"@id\":\"https:\\\/\\\/secure.gravatar.com\\\/avatar\\\/48b6c136b0f084a5b8e3d8d2030d4ba1c4e95e7f124bb1ecc5df9b61f4a45a65?s=96&d=mm&r=g\",\"url\":\"https:\\\/\\\/secure.gravatar.com\\\/avatar\\\/48b6c136b0f084a5b8e3d8d2030d4ba1c4e95e7f124bb1ecc5df9b61f4a45a65?s=96&d=mm&r=g\",\"contentUrl\":\"https:\\\/\\\/secure.gravatar.com\\\/avatar\\\/48b6c136b0f084a5b8e3d8d2030d4ba1c4e95e7f124bb1ecc5df9b61f4a45a65?s=96&d=mm&r=g\",\"caption\":\"Erika Ryttare\"},\"url\":\"https:\\\/\\\/akerstroms.se\\\/de\\\/author\\\/erikaryttare\\\/\"}]}<\/script>\n<!-- \/ Yoast SEO plugin. -->","yoast_head_json":{"title":"Umweltfreundlichere Verpackung - \u00c5kerstr\u00f6ms Bj\u00f6rbo","robots":{"index":"index","follow":"follow","max-snippet":"max-snippet:-1","max-image-preview":"max-image-preview:large","max-video-preview":"max-video-preview:-1"},"canonical":"https:\/\/akerstroms.se\/de\/nachrichten-de\/umweltfreundlichere-verpackung\/","og_locale":"de_DE","og_type":"article","og_title":"Umweltfreundlichere Verpackung - \u00c5kerstr\u00f6ms Bj\u00f6rbo","og_description":"Neue Verpackungen \u2013 der Umwelt zuliebe Seit \u00fcber 100 Jahren leistet \u00c5kerstr\u00f6ms einen Beitrag zu sicheren Hebevorg\u00e4ngen in allen Winkeln der Industrie und mit unserer...","og_url":"https:\/\/akerstroms.se\/de\/nachrichten-de\/umweltfreundlichere-verpackung\/","og_site_name":"\u00c5kerstr\u00f6ms Bj\u00f6rbo","article_publisher":"https:\/\/www.facebook.com\/akerstroms.se","article_published_time":"2021-12-02T16:03:43+00:00","article_modified_time":"2021-12-03T08:22:38+00:00","og_image":[{"width":1133,"height":734,"url":"https:\/\/akerstroms.se\/app\/uploads\/2021\/12\/eco-friendly-top-picture.png","type":"image\/png"}],"author":"Erika Ryttare","twitter_card":"summary_large_image","twitter_misc":{"Verfasst von":"Erika Ryttare","Gesch\u00e4tzte Lesezeit":"2\u00a0Minuten"},"schema":{"@context":"https:\/\/schema.org","@graph":[{"@type":"Article","@id":"https:\/\/akerstroms.se\/de\/nachrichten-de\/umweltfreundlichere-verpackung\/#article","isPartOf":{"@id":"https:\/\/akerstroms.se\/de\/nachrichten-de\/umweltfreundlichere-verpackung\/"},"author":{"name":"Erika Ryttare","@id":"https:\/\/akerstroms.se\/#\/schema\/person\/ea5ee4a0517432fed5f0e116b883f9e2"},"headline":"Umweltfreundlichere Verpackung","datePublished":"2021-12-02T16:03:43+00:00","dateModified":"2021-12-03T08:22:38+00:00","mainEntityOfPage":{"@id":"https:\/\/akerstroms.se\/de\/nachrichten-de\/umweltfreundlichere-verpackung\/"},"wordCount":230,"publisher":{"@id":"https:\/\/akerstroms.se\/#organization"},"image":{"@id":"https:\/\/akerstroms.se\/de\/nachrichten-de\/umweltfreundlichere-verpackung\/#primaryimage"},"thumbnailUrl":"https:\/\/akerstroms.se\/app\/uploads\/2021\/12\/eco-friendly-top-picture.png","articleSection":["Neu!"],"inLanguage":"de"},{"@type":"WebPage","@id":"https:\/\/akerstroms.se\/de\/nachrichten-de\/umweltfreundlichere-verpackung\/","url":"https:\/\/akerstroms.se\/de\/nachrichten-de\/umweltfreundlichere-verpackung\/","name":"Umweltfreundlichere Verpackung - \u00c5kerstr\u00f6ms Bj\u00f6rbo","isPartOf":{"@id":"https:\/\/akerstroms.se\/#website"},"primaryImageOfPage":{"@id":"https:\/\/akerstroms.se\/de\/nachrichten-de\/umweltfreundlichere-verpackung\/#primaryimage"},"image":{"@id":"https:\/\/akerstroms.se\/de\/nachrichten-de\/umweltfreundlichere-verpackung\/#primaryimage"},"thumbnailUrl":"https:\/\/akerstroms.se\/app\/uploads\/2021\/12\/eco-friendly-top-picture.png","datePublished":"2021-12-02T16:03:43+00:00","dateModified":"2021-12-03T08:22:38+00:00","breadcrumb":{"@id":"https:\/\/akerstroms.se\/de\/nachrichten-de\/umweltfreundlichere-verpackung\/#breadcrumb"},"inLanguage":"de","potentialAction":[{"@type":"ReadAction","target":["https:\/\/akerstroms.se\/de\/nachrichten-de\/umweltfreundlichere-verpackung\/"]}]},{"@type":"ImageObject","inLanguage":"de","@id":"https:\/\/akerstroms.se\/de\/nachrichten-de\/umweltfreundlichere-verpackung\/#primaryimage","url":"https:\/\/akerstroms.se\/app\/uploads\/2021\/12\/eco-friendly-top-picture.png","contentUrl":"https:\/\/akerstroms.se\/app\/uploads\/2021\/12\/eco-friendly-top-picture.png","width":1133,"height":734,"caption":"Eco friendly packaging"},{"@type":"BreadcrumbList","@id":"https:\/\/akerstroms.se\/de\/nachrichten-de\/umweltfreundlichere-verpackung\/#breadcrumb","itemListElement":[{"@type":"ListItem","position":1,"name":"Home","item":"https:\/\/akerstroms.se\/de\/"},{"@type":"ListItem","position":2,"name":"Umweltfreundlichere Verpackung"}]},{"@type":"WebSite","@id":"https:\/\/akerstroms.se\/#website","url":"https:\/\/akerstroms.se\/","name":"\u00c5kerstr\u00f6ms Bj\u00f6rbo","description":"Radiostyrning f\u00f6r industriella och mobila applikationer","publisher":{"@id":"https:\/\/akerstroms.se\/#organization"},"potentialAction":[{"@type":"SearchAction","target":{"@type":"EntryPoint","urlTemplate":"https:\/\/akerstroms.se\/?s={search_term_string}"},"query-input":{"@type":"PropertyValueSpecification","valueRequired":true,"valueName":"search_term_string"}}],"inLanguage":"de"},{"@type":"Organization","@id":"https:\/\/akerstroms.se\/#organization","name":"\u00c5kerstr\u00f6ms AB","url":"https:\/\/akerstroms.se\/","logo":{"@type":"ImageObject","inLanguage":"de","@id":"https:\/\/akerstroms.se\/#\/schema\/logo\/image\/","url":"https:\/\/akerstroms.se\/app\/uploads\/2021\/10\/akerstroms-logo.png","contentUrl":"https:\/\/akerstroms.se\/app\/uploads\/2021\/10\/akerstroms-logo.png","width":400,"height":86,"caption":"\u00c5kerstr\u00f6ms AB"},"image":{"@id":"https:\/\/akerstroms.se\/#\/schema\/logo\/image\/"},"sameAs":["https:\/\/www.facebook.com\/akerstroms.se","https:\/\/www.linkedin.com\/company\/akerstroms\/","https:\/\/www.youtube.com\/channel\/UC8S-jX9nA8c9qBaTlgqg1CQ"]},{"@type":"Person","@id":"https:\/\/akerstroms.se\/#\/schema\/person\/ea5ee4a0517432fed5f0e116b883f9e2","name":"Erika Ryttare","image":{"@type":"ImageObject","inLanguage":"de","@id":"https:\/\/secure.gravatar.com\/avatar\/48b6c136b0f084a5b8e3d8d2030d4ba1c4e95e7f124bb1ecc5df9b61f4a45a65?s=96&d=mm&r=g","url":"https:\/\/secure.gravatar.com\/avatar\/48b6c136b0f084a5b8e3d8d2030d4ba1c4e95e7f124bb1ecc5df9b61f4a45a65?s=96&d=mm&r=g","contentUrl":"https:\/\/secure.gravatar.com\/avatar\/48b6c136b0f084a5b8e3d8d2030d4ba1c4e95e7f124bb1ecc5df9b61f4a45a65?s=96&d=mm&r=g","caption":"Erika Ryttare"},"url":"https:\/\/akerstroms.se\/de\/author\/erikaryttare\/"}]}},"_links":{"self":[{"href":"https:\/\/akerstroms.se\/de\/wp-json\/wp\/v2\/posts\/14293","targetHints":{"allow":["GET"]}}],"collection":[{"href":"https:\/\/akerstroms.se\/de\/wp-json\/wp\/v2\/posts"}],"about":[{"href":"https:\/\/akerstroms.se\/de\/wp-json\/wp\/v2\/types\/post"}],"author":[{"embeddable":true,"href":"https:\/\/akerstroms.se\/de\/wp-json\/wp\/v2\/users\/7"}],"replies":[{"embeddable":true,"href":"https:\/\/akerstroms.se\/de\/wp-json\/wp\/v2\/comments?post=14293"}],"version-history":[{"count":3,"href":"https:\/\/akerstroms.se\/de\/wp-json\/wp\/v2\/posts\/14293\/revisions"}],"predecessor-version":[{"id":14339,"href":"https:\/\/akerstroms.se\/de\/wp-json\/wp\/v2\/posts\/14293\/revisions\/14339"}],"wp:featuredmedia":[{"embeddable":true,"href":"https:\/\/akerstroms.se\/de\/wp-json\/wp\/v2\/media\/14335"}],"wp:attachment":[{"href":"https:\/\/akerstroms.se\/de\/wp-json\/wp\/v2\/media?parent=14293"}],"wp:term":[{"taxonomy":"category","embeddable":true,"href":"https:\/\/akerstroms.se\/de\/wp-json\/wp\/v2\/categories?post=14293"},{"taxonomy":"post_tag","embeddable":true,"href":"https:\/\/akerstroms.se\/de\/wp-json\/wp\/v2\/tags?post=14293"}],"curies":[{"name":"wp","href":"https:\/\/api.w.org\/{rel}","templated":true}]}}